{"id":395,"date":"2026-03-31T09:00:47","date_gmt":"2026-03-31T12:00:47","guid":{"rendered":"https:\/\/mindsetreprogramado.com\/?p=395"},"modified":"2026-04-03T17:15:15","modified_gmt":"2026-04-03T20:15:15","slug":"ansiedad-el-pueblo-del-siglo","status":"publish","type":"post","link":"https:\/\/mindsetreprogramado.com\/es\/psicologia-positiva\/ansiedade-a-vila-do-seculo\/","title":{"rendered":"Ansiedad: la villana del siglo"},"content":{"rendered":"<p>La ansiedad, considerada el \u201cvillano del siglo\u201d, es una preocupaci\u00f3n persistente y abrumadora que afecta a millones de personas en todo el mundo. En este art\u00edculo exploraremos qu\u00e9 es la ansiedad, c\u00f3mo se diagnostica y su impacto en la sociedad.<\/p>\n<p>Adem\u00e1s, vale la pena hablar de la Escala de Beck, una herramienta importante en el diagn\u00f3stico, los tratamientos disponibles y c\u00f3mo es posible transformar la ansiedad en una aliada para el \u00e9xito.<\/p>\n<div id=\"ez-toc-container\" class=\"ez-toc-v2_0_82_2 counter-hierarchy ez-toc-counter ez-toc-grey ez-toc-container-direction\">\n<div class=\"ez-toc-title-container\">\n<p class=\"ez-toc-title\" style=\"cursor:inherit\">\u00cdndice<\/p>\n<span class=\"ez-toc-title-toggle\"><a href=\"#\" class=\"ez-toc-pull-right ez-toc-btn ez-toc-btn-xs ez-toc-btn-default ez-toc-toggle\" aria-label=\"Alternar tabla de contenido\"><span class=\"ez-toc-js-icon-con\"><span class=\"\"><span class=\"eztoc-hide\" style=\"display:none;\">Palanca<\/span><span class=\"ez-toc-icon-toggle-span\"><svg style=\"fill: #999;color:#999\" xmlns=\"http:\/\/www.w3.org\/2000\/svg\" class=\"list-377408\" width=\"20px\" height=\"20px\" viewbox=\"0 0 24 24\" fill=\"none\"><path d=\"M6 6H4v2h2V6zm14 0H8v2h12V6zM4 11h2v2H4v-2zm16 0H8v2h12v-2zM4 16h2v2H4v-2zm16 0H8v2h12v-2z\" fill=\"currentColor\"><\/path><\/svg><svg style=\"fill: #999;color:#999\" class=\"arrow-unsorted-368013\" xmlns=\"http:\/\/www.w3.org\/2000\/svg\" width=\"10px\" height=\"10px\" viewbox=\"0 0 24 24\" version=\"1.2\" baseprofile=\"tiny\"><path d=\"M18.2 9.3l-6.2-6.3-6.2 6.3c-.2.2-.3.4-.3.7s.1.5.3.7c.2.2.4.3.7.3h11c.3 0 .5-.1.7-.3.2-.2.3-.5.3-.7s-.1-.5-.3-.7zM5.8 14.7l6.2 6.3 6.2-6.3c.2-.2.3-.5.3-.7s-.1-.5-.3-.7c-.2-.2-.4-.3-.7-.3h-11c-.3 0-.5.1-.7.3-.2.2-.3.5-.3.7s.1.5.3.7z\"\/><\/svg><\/span><\/span><\/span><\/a><\/span><\/div>\n<nav><ul class='ez-toc-list ez-toc-list-level-1' ><li class='ez-toc-page-1 ez-toc-heading-level-2'><a class=\"ez-toc-link ez-toc-heading-1\" href=\"https:\/\/mindsetreprogramado.com\/es\/psicologia-positiva\/ansiedade-a-vila-do-seculo\/#Afinal_o_que_e_ansiedade\" >Entonces, \u00bfqu\u00e9 es exactamente la ansiedad?<\/a><\/li><li class='ez-toc-page-1 ez-toc-heading-level-2'><a class=\"ez-toc-link ez-toc-heading-2\" href=\"https:\/\/mindsetreprogramado.com\/es\/psicologia-positiva\/ansiedade-a-vila-do-seculo\/#Como_e_o_diagnostico_da_ansiedade\" >\u00bfC\u00f3mo se diagnostica la ansiedad?<\/a><ul class='ez-toc-list-level-3' ><li class='ez-toc-heading-level-3'><a class=\"ez-toc-link ez-toc-heading-3\" href=\"https:\/\/mindsetreprogramado.com\/es\/psicologia-positiva\/ansiedade-a-vila-do-seculo\/#Entrevista_clinica\" >Entrevista cl\u00ednica:<\/a><\/li><li class='ez-toc-page-1 ez-toc-heading-level-3'><a class=\"ez-toc-link ez-toc-heading-4\" href=\"https:\/\/mindsetreprogramado.com\/es\/psicologia-positiva\/ansiedade-a-vila-do-seculo\/#Criterios_de_diagnostico\" >Criterios de diagn\u00f3stico:<\/a><\/li><li class='ez-toc-page-1 ez-toc-heading-level-3'><a class=\"ez-toc-link ez-toc-heading-5\" href=\"https:\/\/mindsetreprogramado.com\/es\/psicologia-positiva\/ansiedade-a-vila-do-seculo\/#Avaliacao_dos_sintomas\" >Evaluaci\u00f3n de los s\u00edntomas:<\/a><\/li><li class='ez-toc-page-1 ez-toc-heading-level-3'><a class=\"ez-toc-link ez-toc-heading-6\" href=\"https:\/\/mindsetreprogramado.com\/es\/psicologia-positiva\/ansiedade-a-vila-do-seculo\/#Diferenciacao_de_outras_condicoes\" >Diferenciaci\u00f3n de otras afecciones:<\/a><\/li><li class='ez-toc-page-1 ez-toc-heading-level-3'><a class=\"ez-toc-link ez-toc-heading-7\" href=\"https:\/\/mindsetreprogramado.com\/es\/psicologia-positiva\/ansiedade-a-vila-do-seculo\/#Uso_de_instrumentos_de_avaliacao\" >Uso de herramientas de evaluaci\u00f3n:<\/a><\/li><\/ul><\/li><li class='ez-toc-page-1 ez-toc-heading-level-2'><a class=\"ez-toc-link ez-toc-heading-8\" href=\"https:\/\/mindsetreprogramado.com\/es\/psicologia-positiva\/ansiedade-a-vila-do-seculo\/#Tratamento_e_acompanhamento_da_ansiedade\" >Tratamiento y manejo de la ansiedad:<\/a><\/li><li class='ez-toc-page-1 ez-toc-heading-level-2'><a class=\"ez-toc-link ez-toc-heading-9\" href=\"https:\/\/mindsetreprogramado.com\/es\/psicologia-positiva\/ansiedade-a-vila-do-seculo\/#O_que_e_a_Escala_de_Beck\" >\u00bfQu\u00e9 es la escala de Beck?<\/a><\/li><li class='ez-toc-page-1 ez-toc-heading-level-2'><a class=\"ez-toc-link ez-toc-heading-10\" href=\"https:\/\/mindsetreprogramado.com\/es\/psicologia-positiva\/ansiedade-a-vila-do-seculo\/#A_ansiedade_no_Brasil_e_no_mundo\" >Ansiedad en Brasil y en el mundo<\/a><\/li><li class='ez-toc-page-1 ez-toc-heading-level-2'><a class=\"ez-toc-link ez-toc-heading-11\" href=\"https:\/\/mindsetreprogramado.com\/es\/psicologia-positiva\/ansiedade-a-vila-do-seculo\/#Como_estao_os_tratamentos_para_ansiedade\" >\u00bfC\u00f3mo est\u00e1n progresando los tratamientos para la ansiedad?<\/a><\/li><li class='ez-toc-page-1 ez-toc-heading-level-2'><a class=\"ez-toc-link ez-toc-heading-12\" href=\"https:\/\/mindsetreprogramado.com\/es\/psicologia-positiva\/ansiedade-a-vila-do-seculo\/#Transformando_a_ansiedade_em_um_aliado_para_o_sucesso\" >Convertir la ansiedad en una aliada para el \u00e9xito.<\/a><ul class='ez-toc-list-level-3' ><li class='ez-toc-heading-level-3'><a class=\"ez-toc-link ez-toc-heading-13\" href=\"https:\/\/mindsetreprogramado.com\/es\/psicologia-positiva\/ansiedade-a-vila-do-seculo\/#Autoconsciencia\" >Autoconciencia:<\/a><\/li><li class='ez-toc-page-1 ez-toc-heading-level-3'><a class=\"ez-toc-link ez-toc-heading-14\" href=\"https:\/\/mindsetreprogramado.com\/es\/psicologia-positiva\/ansiedade-a-vila-do-seculo\/#Reenquadrar_a_ansiedade\" >Replantear la ansiedad:<\/a><\/li><li class='ez-toc-page-1 ez-toc-heading-level-3'><a class=\"ez-toc-link ez-toc-heading-15\" href=\"https:\/\/mindsetreprogramado.com\/es\/psicologia-positiva\/ansiedade-a-vila-do-seculo\/#Estabeleca_metas_claras\" >Establece objetivos claros:<\/a><\/li><li class='ez-toc-page-1 ez-toc-heading-level-3'><a class=\"ez-toc-link ez-toc-heading-16\" href=\"https:\/\/mindsetreprogramado.com\/es\/psicologia-positiva\/ansiedade-a-vila-do-seculo\/#Plano_de_acao\" >Plan de acci\u00f3n:<\/a><\/li><li class='ez-toc-page-1 ez-toc-heading-level-3'><a class=\"ez-toc-link ez-toc-heading-17\" href=\"https:\/\/mindsetreprogramado.com\/es\/psicologia-positiva\/ansiedade-a-vila-do-seculo\/#Aceitacao_da_imperfeicao\" >Aceptaci\u00f3n de la imperfecci\u00f3n:<\/a><\/li><li class='ez-toc-page-1 ez-toc-heading-level-3'><a class=\"ez-toc-link ez-toc-heading-18\" href=\"https:\/\/mindsetreprogramado.com\/es\/psicologia-positiva\/ansiedade-a-vila-do-seculo\/#Mindfulness_e_tecnicas_de_relaxamento\" >T\u00e9cnicas de atenci\u00f3n plena y relajaci\u00f3n:<\/a><\/li><li class='ez-toc-page-1 ez-toc-heading-level-3'><a class=\"ez-toc-link ez-toc-heading-19\" href=\"https:\/\/mindsetreprogramado.com\/es\/psicologia-positiva\/ansiedade-a-vila-do-seculo\/#Transforme_a_energia_em_acao\" >Transforma la energ\u00eda en acci\u00f3n:<\/a><\/li><li class='ez-toc-page-1 ez-toc-heading-level-3'><a class=\"ez-toc-link ez-toc-heading-20\" href=\"https:\/\/mindsetreprogramado.com\/es\/psicologia-positiva\/ansiedade-a-vila-do-seculo\/#Busque_apoio_para_sua_ansiedade\" >Busca apoyo para tu ansiedad:<\/a><\/li><li class='ez-toc-page-1 ez-toc-heading-level-3'><a class=\"ez-toc-link ez-toc-heading-21\" href=\"https:\/\/mindsetreprogramado.com\/es\/psicologia-positiva\/ansiedade-a-vila-do-seculo\/#Celebre_pequenas_vitorias\" >Celebra las peque\u00f1as victorias:<\/a><\/li><li class='ez-toc-page-1 ez-toc-heading-level-3'><a class=\"ez-toc-link ez-toc-heading-22\" href=\"https:\/\/mindsetreprogramado.com\/es\/psicologia-positiva\/ansiedade-a-vila-do-seculo\/#Persistencia\" >Persistencia:<\/a><\/li><\/ul><\/li><li class='ez-toc-page-1 ez-toc-heading-level-2'><a class=\"ez-toc-link ez-toc-heading-23\" href=\"https:\/\/mindsetreprogramado.com\/es\/psicologia-positiva\/ansiedade-a-vila-do-seculo\/#Resumindo%E2%80%A6\" >En breve\u2026<\/a><\/li><li class='ez-toc-page-1 ez-toc-heading-level-2'><a class=\"ez-toc-link ez-toc-heading-24\" href=\"https:\/\/mindsetreprogramado.com\/es\/psicologia-positiva\/ansiedade-a-vila-do-seculo\/#Perguntas_Frequentes_sobre_Ansiedade\" >Preguntas frecuentes sobre la ansiedad<\/a><ul class='ez-toc-list-level-3' ><li class='ez-toc-heading-level-3'><a class=\"ez-toc-link ez-toc-heading-25\" href=\"https:\/\/mindsetreprogramado.com\/es\/psicologia-positiva\/ansiedade-a-vila-do-seculo\/#1_O_que_e_ansiedade_e_quando_ela_se_torna_um_problema\" >1. \u00bfQu\u00e9 es la ansiedad y cu\u00e1ndo se convierte en un problema?<\/a><\/li><li class='ez-toc-page-1 ez-toc-heading-level-3'><a class=\"ez-toc-link ez-toc-heading-26\" href=\"https:\/\/mindsetreprogramado.com\/es\/psicologia-positiva\/ansiedade-a-vila-do-seculo\/#2_Como_saber_se_preciso_de_ajuda_profissional_para_ansiedade\" >2. \u00bfC\u00f3mo s\u00e9 si necesito ayuda profesional para la ansiedad?<\/a><\/li><li class='ez-toc-page-1 ez-toc-heading-level-3'><a class=\"ez-toc-link ez-toc-heading-27\" href=\"https:\/\/mindsetreprogramado.com\/es\/psicologia-positiva\/ansiedade-a-vila-do-seculo\/#3_A_ansiedade_tem_cura\" >3. \u00bfTiene cura la ansiedad?<\/a><\/li><li class='ez-toc-page-1 ez-toc-heading-level-3'><a class=\"ez-toc-link ez-toc-heading-28\" href=\"https:\/\/mindsetreprogramado.com\/es\/psicologia-positiva\/ansiedade-a-vila-do-seculo\/#4_O_que_mais_ajuda_a_controlar_a_ansiedade_no_dia_a_dia\" >4. \u00bfQu\u00e9 m\u00e1s ayuda a controlar la ansiedad en la vida diaria?<\/a><\/li><li class='ez-toc-page-1 ez-toc-heading-level-3'><a class=\"ez-toc-link ez-toc-heading-29\" href=\"https:\/\/mindsetreprogramado.com\/es\/psicologia-positiva\/ansiedade-a-vila-do-seculo\/#5_E_possivel_transformar_a_ansiedade_em_algo_positivo\" >5. \u00bfEs posible transformar la ansiedad en algo positivo?<\/a><\/li><\/ul><\/li><\/ul><\/nav><\/div>\n<h2><span class=\"ez-toc-section\" id=\"Afinal_o_que_e_ansiedade\"><\/span>Entonces, \u00bfqu\u00e9 es exactamente la ansiedad?<span class=\"ez-toc-section-end\"><\/span><\/h2>\n<p>Antes de continuar, debemos aclarar un punto esencial: \u00bfqu\u00e9 es exactamente la ansiedad?<\/p>\n<p>La ansiedad es una respuesta natural del cerebro ante situaciones de incertidumbre, riesgo o anticipaci\u00f3n del futuro. En este sentido, funciona como un mecanismo de supervivencia, preparando al cuerpo para actuar, aumentando el estado de alerta, acelerando el pensamiento y activando reacciones f\u00edsicas.<\/p>\n<p>Sin embargo, el problema comienza cuando esta respuesta deja de ser ocasional y se vuelve constante, desproporcionada o desconectada de la realidad, transform\u00e1ndose en un estado mental que genera sufrimiento, agotamiento emocional y dificultad para vivir el presente.<\/p>\n<blockquote><p><strong><em>\u201c&quot;La ansiedad es una respuesta natural del cerebro ante el peligro, pero se convierte en un problema cuando es constante, desproporcionada e interfiere con la calidad de vida.&quot;\u201d<\/em><\/strong><\/p><\/blockquote>\n<h2><span class=\"ez-toc-section\" id=\"Como_e_o_diagnostico_da_ansiedade\"><\/span>\u00bfC\u00f3mo se diagnostica la ansiedad?<span class=\"ez-toc-section-end\"><\/span><\/h2>\n<p>Diagnosticar la ansiedad puede ser un reto, ya que sus s\u00edntomas var\u00edan de una persona a otra. Por lo tanto, requiere una evaluaci\u00f3n minuciosa de los s\u00edntomas y experiencias del paciente por parte de un profesional de la salud mental, como un psic\u00f3logo o un psiquiatra.<\/p>\n<p>A continuaci\u00f3n se detallan algunos puntos importantes involucrados en el diagn\u00f3stico:<\/p>\n<h3><span class=\"ez-toc-section\" id=\"Entrevista_clinica\"><\/span>Entrevista cl\u00ednica:<span class=\"ez-toc-section-end\"><\/span><\/h3>\n<p>El proceso de diagn\u00f3stico suele comenzar con una entrevista cl\u00ednica, en la que el paciente comenta sus s\u00edntomas, sentimientos, experiencias e historial m\u00e9dico. Es importante ser honesto y abierto acerca de sus sentimientos y s\u00edntomas durante esta entrevista.<\/p>\n<h3><span class=\"ez-toc-section\" id=\"Criterios_de_diagnostico\"><\/span>Criterios de diagn\u00f3stico:<span class=\"ez-toc-section-end\"><\/span><\/h3>\n<p>Los profesionales de la salud mental utilizan criterios espec\u00edficos del Manual diagn\u00f3stico y estad\u00edstico de los trastornos mentales (DSM-5) para determinar si los s\u00edntomas de un paciente encajan en un trastorno de ansiedad espec\u00edfico. El DSM-5 es una herramienta ampliamente aceptada que proporciona criterios para diagnosticar trastornos mentales.<\/p>\n<h3><span class=\"ez-toc-section\" id=\"Avaliacao_dos_sintomas\"><\/span>Evaluaci\u00f3n de los s\u00edntomas:<span class=\"ez-toc-section-end\"><\/span><\/h3>\n<p>El profesional evaluar\u00e1 los s\u00edntomas del paciente, que pueden incluir preocupaci\u00f3n excesiva, tensi\u00f3n muscular, inquietud, insomnio, miedos irracionales, ataques de p\u00e1nico y otros s\u00edntomas. Los s\u00edntomas deben ser persistentes y causar malestar significativo para ser considerado un trastorno de ansiedad.<\/p>\n<h3><span class=\"ez-toc-section\" id=\"Diferenciacao_de_outras_condicoes\"><\/span>Diferenciaci\u00f3n de otras afecciones:<span class=\"ez-toc-section-end\"><\/span><\/h3>\n<p>Es importante descartar otras condiciones m\u00e9dicas o psicol\u00f3gicas que puedan estar contribuyendo a los s\u00edntomas del paciente. Adem\u00e1s, los profesionales de la salud mental deben distinguir la ansiedad de otros trastornos mentales, como la depresi\u00f3n.<\/p>\n<h3><span class=\"ez-toc-section\" id=\"Uso_de_instrumentos_de_avaliacao\"><\/span>Uso de herramientas de evaluaci\u00f3n:<span class=\"ez-toc-section-end\"><\/span><\/h3>\n<p>En algunos casos, los profesionales de la salud mental pueden utilizar cuestionarios y escalas de calificaci\u00f3n, como la escala de Beck, para medir la gravedad de la ansiedad y realizar un seguimiento del progreso del tratamiento.<\/p>\n<h2><span class=\"ez-toc-section\" id=\"Tratamento_e_acompanhamento_da_ansiedade\"><\/span>Tratamiento y manejo de la ansiedad:<span class=\"ez-toc-section-end\"><\/span><\/h2>\n<p>Seg\u00fan el diagn\u00f3stico, el profesional de salud mental trabajar\u00e1 con el paciente para desarrollar un plan de tratamiento adecuado, que puede incluir terapia, medicaci\u00f3n, cambios en el estilo de vida y otras intervenciones.<\/p>\n<p>Sin embargo, es importante destacar que un diagn\u00f3stico preciso es fundamental para garantizar que el paciente reciba el tratamiento adecuado.<\/p>\n<p>La ansiedad puede variar desde trastornos leves hasta graves y el tratamiento se puede personalizar seg\u00fan la gravedad de los s\u00edntomas y las necesidades individuales del paciente. Por lo tanto, es muy recomendable buscar ayuda de un profesional de la salud mental si sospecha que est\u00e1 experimentando ansiedad m\u00e1s all\u00e1 de lo que considera su propia norma.<\/p>\n<div class=\"banner_wrapper\" style=\"\"><div class=\"banner  banner-679 left horiz custom-banners-theme-default_style\" style=\"\"><img fetchpriority=\"high\" decoding=\"async\" width=\"1517\" height=\"187\" src=\"https:\/\/mindsetreprogramado.com\/wp-content\/uploads\/2024\/04\/Banner-Sucesso-ReprogrameMindset-728x90px-01.jpg\" class=\"attachment-full size-full\" alt=\"\u00a1Reprograma tu mentalidad!\" srcset=\"https:\/\/mindsetreprogramado.com\/wp-content\/uploads\/2024\/04\/Banner-Sucesso-ReprogrameMindset-728x90px-01.jpg 1517w, https:\/\/mindsetreprogramado.com\/wp-content\/uploads\/2024\/04\/Banner-Sucesso-ReprogrameMindset-728x90px-01-300x37.jpg 300w, https:\/\/mindsetreprogramado.com\/wp-content\/uploads\/2024\/04\/Banner-Sucesso-ReprogrameMindset-728x90px-01-1024x126.jpg 1024w, https:\/\/mindsetreprogramado.com\/wp-content\/uploads\/2024\/04\/Banner-Sucesso-ReprogrameMindset-728x90px-01-768x95.jpg 768w, https:\/\/mindsetreprogramado.com\/wp-content\/uploads\/2024\/04\/Banner-Sucesso-ReprogrameMindset-728x90px-01-18x2.jpg 18w\" sizes=\"(max-width: 1517px) 100vw, 1517px\" \/><a class=\"custom_banners_big_link\"  href=\"https:\/\/mindsetreprogramado.com\/es\/libro-electronico-reprogramate-para-el-exito\/\"><\/a><\/div><\/div>\n<h2><span class=\"ez-toc-section\" id=\"O_que_e_a_Escala_de_Beck\"><\/span>\u00bfQu\u00e9 es la escala de Beck?<span class=\"ez-toc-section-end\"><\/span><\/h2>\n<p>La Escala de Beck, tambi\u00e9n conocida como Inventario de Ansiedad de Beck (BAI), es una herramienta de diagn\u00f3stico ampliamente utilizada. Consiste en un cuestionario de autoinforme que eval\u00faa la gravedad de los s\u00edntomas.<\/p>\n<p>Los pacientes califican sus experiencias en una escala de opci\u00f3n m\u00faltiple. La puntuaci\u00f3n resultante ayuda a los profesionales sanitarios a determinar el nivel de ansiedad y planificar el tratamiento adecuado.<\/p>\n<p>Consiste en una serie de preguntas que el individuo responde en funci\u00f3n de sus sentimientos y comportamientos durante las \u00faltimas dos semanas. Las preguntas se centran en s\u00edntomas t\u00edpicos, como preocupaciones, miedos excesivos, inquietud, nerviosismo, entre otros.<\/p>\n<p>El instrumento ayuda a cuantificar la gravedad de la ansiedad, proporcionando una puntuaci\u00f3n total que puede variar seg\u00fan la intensidad de los s\u00edntomas reportados.<\/p>\n<blockquote><p><strong><em>\u201c&quot;El Inventario de Ansiedad de Beck es uno de los principales instrumentos utilizados para medir la intensidad de la ansiedad, ayudando a los profesionales a identificar la gravedad de los s\u00edntomas y definir el tratamiento adecuado.&quot;\u201d<\/em><\/strong><\/p><\/blockquote>\n<h2><span class=\"ez-toc-section\" id=\"A_ansiedade_no_Brasil_e_no_mundo\"><\/span>Ansiedad en Brasil y en el mundo<span class=\"ez-toc-section-end\"><\/span><\/h2>\n<p>La ansiedad es una preocupaci\u00f3n global que afecta a personas de todo el mundo, independientemente de su origen o cultura. En Brasil, no es diferente.<\/p>\n<p>Seg\u00fan la Organizaci\u00f3n Mundial de la Salud (OMS), Brasil tiene la tasa m\u00e1s alta de personas con trastornos de ansiedad en Am\u00e9rica Latina. Por lo tanto, el acceso a un tratamiento y apoyo adecuados es fundamental para abordar este problema creciente.<\/p>\n<h2><span class=\"ez-toc-section\" id=\"Como_estao_os_tratamentos_para_ansiedade\"><\/span>\u00bfC\u00f3mo est\u00e1n progresando los tratamientos para la ansiedad?<span class=\"ez-toc-section-end\"><\/span><\/h2>\n<p>Afortunadamente, la concienciaci\u00f3n sobre la ansiedad ha aumentado, lo que ha propiciado avances en su tratamiento. As\u00ed, terapias como la terapia cognitivo-conductual (TCC) pueden ser muy eficaces para controlarla. Otra opci\u00f3n que se ha utilizado es la pr\u00e1ctica de... <em><a href=\"https:\/\/mindsetreprogramado.com\/es\/consciencia\/la-atencion-plena-y-la-ansiedad-comprenden-los-beneficios\/\">consciencia<\/a><\/em>, con resultados extremadamente positivos.<\/p>\n<p>Adem\u00e1s, los profesionales de la salud mental pueden recetar medicamentos como los inhibidores selectivos de la recaptaci\u00f3n de serotonina (ISRS) si es necesario. Lo importante es buscar ayuda cuando sea necesario y encontrar el tratamiento adecuado.<\/p>\n<h2><span class=\"ez-toc-section\" id=\"Transformando_a_ansiedade_em_um_aliado_para_o_sucesso\"><\/span>Convertir la ansiedad en una aliada para el \u00e9xito.<span class=\"ez-toc-section-end\"><\/span><\/h2>\n<p>La ansiedad no s\u00f3lo debe ser un obst\u00e1culo, sino tambi\u00e9n un impulso para <a href=\"https:\/\/mindsetreprogramado.com\/es\/rendimiento-alto\/como-reprogramar-tu-mente-para-el-exito\/\">\u00e9xito<\/a>. Convertirla en una aliada implica comprender sus factores desencadenantes y aprender a utilizarla como fuente de motivaci\u00f3n.<\/p>\n<p>Muchas personas ansiosas son muy creativas y concentradas. Con el apoyo adecuado, es posible aprender a dirigir esta energ\u00eda hacia logros significativos.<\/p>\n<blockquote><p><strong><em>\u201c&quot;La ansiedad puede transformarse en una aliada cuando aprendemos a reconocer sus desencadenantes y a canalizar su energ\u00eda hacia la acci\u00f3n, la concentraci\u00f3n y el crecimiento personal.&quot;\u201d<\/em><\/strong><\/p><\/blockquote>\n<p>La ansiedad puede ser una emoci\u00f3n poderosa y, cuando se dirige de manera constructiva, puede impulsar la acci\u00f3n y el \u00e9xito. Algunos consejos para llegar all\u00ed:<\/p>\n<h3><span class=\"ez-toc-section\" id=\"Autoconsciencia\"><\/span>Autoconciencia:<span class=\"ez-toc-section-end\"><\/span><\/h3>\n<p>El primer paso es reconocer y comprender su ansiedad. Identificar las situaciones o desaf\u00edos que lo desencadenan. Esto le ayudar\u00e1 a comprender lo que est\u00e1 sucediendo y por qu\u00e9 se siente ansioso.<\/p>\n<h3><span class=\"ez-toc-section\" id=\"Reenquadrar_a_ansiedade\"><\/span>Replantear la ansiedad:<span class=\"ez-toc-section-end\"><\/span><\/h3>\n<p>En lugar de ver la ansiedad como algo negativo, intenta cambiar tu perspectiva. V\u00e9alo como una fuente de energ\u00eda y motivaci\u00f3n. Puede alertarte sobre la importancia de un desaf\u00edo, generando motivaci\u00f3n para prepararte y actuar.<\/p>\n<h3><span class=\"ez-toc-section\" id=\"Estabeleca_metas_claras\"><\/span>Establece objetivos claros:<span class=\"ez-toc-section-end\"><\/span><\/h3>\n<p>Establezca objetivos espec\u00edficos y mensurables para lo que desea lograr. Tener metas claras puede ayudar a dirigir tu ansiedad hacia un prop\u00f3sito positivo.<\/p>\n<h3><span class=\"ez-toc-section\" id=\"Plano_de_acao\"><\/span>Plan de acci\u00f3n:<span class=\"ez-toc-section-end\"><\/span><\/h3>\n<p>Desarrolla un plan de acci\u00f3n paso a paso para lograr tus objetivos. Tener un plan s\u00f3lido puede reducir la incertidumbre y la ansiedad porque sabr\u00e1 qu\u00e9 debe hacer a continuaci\u00f3n.<\/p>\n<h3><span class=\"ez-toc-section\" id=\"Aceitacao_da_imperfeicao\"><\/span>Aceptaci\u00f3n de la imperfecci\u00f3n:<span class=\"ez-toc-section-end\"><\/span><\/h3>\n<p>Reconozca que nadie es perfecto y que la ansiedad es parte del viaje. No te critiques duramente por sentirte ansioso. En lugar de eso, acepta tus emociones y sigue avanzando.<\/p>\n<h3><span class=\"ez-toc-section\" id=\"Mindfulness_e_tecnicas_de_relaxamento\"><\/span><em>Mindfulness<\/em> y t\u00e9cnicas de relajaci\u00f3n:<span class=\"ez-toc-section-end\"><\/span><\/h3>\n<p>practicas <em>consciencia<\/em>, al igual que la meditaci\u00f3n, puede ayudar a calmar la mente y reducir la ansiedad. Las t\u00e9cnicas de relajaci\u00f3n, como la respiraci\u00f3n profunda, tambi\u00e9n pueden resultar \u00fatiles para controlar la ansiedad.<\/p>\n<h3><span class=\"ez-toc-section\" id=\"Transforme_a_energia_em_acao\"><\/span>Transforma la energ\u00eda en acci\u00f3n:<span class=\"ez-toc-section-end\"><\/span><\/h3>\n<p>En lugar de permitir que la ansiedad te paralice, utiliza esa energ\u00eda para actuar. Puede ser un poderoso motivador para completar tareas y enfrentar desaf\u00edos.<\/p>\n<h3><span class=\"ez-toc-section\" id=\"Busque_apoio_para_sua_ansiedade\"><\/span>Busca apoyo para tu ansiedad:<span class=\"ez-toc-section-end\"><\/span><\/h3>\n<p>Hablar con un terapeuta o consejero puede resultar \u00fatil. Pueden ayudar a desarrollar estrategias para abordar el problema de una manera saludable y productiva.<\/p>\n<h3><span class=\"ez-toc-section\" id=\"Celebre_pequenas_vitorias\"><\/span>Celebra las peque\u00f1as victorias:<span class=\"ez-toc-section-end\"><\/span><\/h3>\n<p>A medida que avanza hacia sus metas, celebre sus logros, por peque\u00f1os que sean. Esto reforzar\u00e1 su sensaci\u00f3n de logro y ayudar\u00e1 a reducir la ansiedad.<\/p>\n<h3><span class=\"ez-toc-section\" id=\"Persistencia\"><\/span>Persistencia:<span class=\"ez-toc-section-end\"><\/span><\/h3>\n<p>Recuerda que el camino hacia el \u00e9xito puede estar marcado por desaf\u00edos y momentos en los que estar\u00e1s ansioso. La persistencia es esencial. No te rindas cuando te sientas ansioso; sigue avanzando.<\/p>\n<h2><span class=\"ez-toc-section\" id=\"Resumindo%E2%80%A6\"><\/span>En breve\u2026<span class=\"ez-toc-section-end\"><\/span><\/h2>\n<p>La ansiedad es una realidad omnipresente que afecta a muchas personas. Sin embargo, con el diagn\u00f3stico correcto, la ayuda profesional adecuada y un enfoque positivo, es posible no s\u00f3lo controlar la ansiedad sino tambi\u00e9n utilizarla como trampol\u00edn hacia el \u00e9xito. A trav\u00e9s de la concientizaci\u00f3n, la comprensi\u00f3n y el tratamiento, es posible enfrentar al \u201cvillano del siglo\u201d y lograr una vida equilibrada y productiva.<\/p>\n<h2><span class=\"ez-toc-section\" id=\"Perguntas_Frequentes_sobre_Ansiedade\"><\/span>Preguntas frecuentes sobre la ansiedad<span class=\"ez-toc-section-end\"><\/span><\/h2>\n<h3><span class=\"ez-toc-section\" id=\"1_O_que_e_ansiedade_e_quando_ela_se_torna_um_problema\"><\/span>1. \u00bfQu\u00e9 es la ansiedad y cu\u00e1ndo se convierte en un problema?<span class=\"ez-toc-section-end\"><\/span><\/h3>\n<p>La ansiedad es una reacci\u00f3n natural del cuerpo ante situaciones de riesgo o incertidumbre. Se convierte en un problema cuando es excesiva, constante y comienza a interferir con las rutinas diarias, las relaciones y el bienestar emocional.<\/p>\n<hr \/>\n<h3><span class=\"ez-toc-section\" id=\"2_Como_saber_se_preciso_de_ajuda_profissional_para_ansiedade\"><\/span>2. \u00bfC\u00f3mo s\u00e9 si necesito ayuda profesional para la ansiedad?<span class=\"ez-toc-section-end\"><\/span><\/h3>\n<p>Si los s\u00edntomas son frecuentes, intensos o afectan a su calidad de vida, como dificultad para dormir, ataques de p\u00e1nico o preocupaci\u00f3n constante, es fundamental consultar a un psic\u00f3logo o psiquiatra.<\/p>\n<hr \/>\n<h3><span class=\"ez-toc-section\" id=\"3_A_ansiedade_tem_cura\"><\/span>3. \u00bfTiene cura la ansiedad?<span class=\"ez-toc-section-end\"><\/span><\/h3>\n<p>La ansiedad no necesariamente &quot;desaparece&quot;, pero puede controlarse y adquirir un nuevo significado. Con el tratamiento adecuado y pr\u00e1cticas como la atenci\u00f3n plena, es posible vivir en equilibrio e incluso utilizar la ansiedad de forma positiva.<\/p>\n<hr \/>\n<h3><span class=\"ez-toc-section\" id=\"4_O_que_mais_ajuda_a_controlar_a_ansiedade_no_dia_a_dia\"><\/span>4. \u00bfQu\u00e9 m\u00e1s ayuda a controlar la ansiedad en la vida diaria?<span class=\"ez-toc-section-end\"><\/span><\/h3>\n<p>Pr\u00e1cticas como la respiraci\u00f3n consciente, la atenci\u00f3n plena, la actividad f\u00edsica, la organizaci\u00f3n de rutinas y el apoyo terap\u00e9utico son muy eficaces para controlar la ansiedad.<\/p>\n<hr \/>\n<h3><span class=\"ez-toc-section\" id=\"5_E_possivel_transformar_a_ansiedade_em_algo_positivo\"><\/span>5. \u00bfEs posible transformar la ansiedad en algo positivo?<span class=\"ez-toc-section-end\"><\/span><\/h3>\n<p>S\u00ed. Cuando se comprende adecuadamente, la ansiedad puede funcionar como una se\u00f1al de advertencia y un motor para la acci\u00f3n, ayudando en la preparaci\u00f3n, la concentraci\u00f3n y el logro de objetivos.<\/p>\n<hr \/>\n<p>Imagen: <a href=\"https:\/\/br.freepik.com\/vetores-gratis\/conceito-de-conscientizacao-de-saude-mental_7974025.htm#query=ansiedade&amp;position=23&amp;from_view=search&amp;track=sph&amp;uuid=e34dc458-ff2b-45b4-8001-2b044acc7544\">Freepik<\/a><\/p>\n<p>Art\u00edculo publicado originalmente el 5 de octubre de 2023 y actualizado en esta fecha.<\/p>","protected":false},"excerpt":{"rendered":"<p>La ansiedad, considerada la \u201cvillana del siglo\u201d, es una preocupaci\u00f3n persistente y abrumadora que afecta<\/p>","protected":false},"author":1,"featured_media":397,"comment_status":"closed","ping_status":"closed","sticky":false,"template":"","format":"standard","meta":{"om_disable_all_campaigns":false,"footnotes":""},"categories":[23],"tags":[53,55,32],"class_list":["post-395","post","type-post","status-publish","format-standard","has-post-thumbnail","hentry","category-psicologia-positiva","tag-ansiedade","tag-autoconhecimento","tag-sucesso"],"yoast_head":"<!-- This site is optimized with the Yoast SEO Premium plugin v27.4 (Yoast SEO v27.4) - https:\/\/yoast.com\/product\/yoast-seo-premium-wordpress\/ -->\n<title>Ansiedade: a vil\u00e3 do S\u00e9culo - mindsetreprogramado.com<\/title>\n<meta name=\"description\" content=\"A ansiedade, considerada a &quot;vil\u00e3 do s\u00e9culo,&quot; \u00e9 uma preocupa\u00e7\u00e3o persistente e avassaladora que afeta milh\u00f5es de pessoas em todo o mundo.\" \/>\n<meta name=\"robots\" content=\"index, follow, max-snippet:-1, max-image-preview:large, max-video-preview:-1\" \/>\n<link rel=\"canonical\" href=\"https:\/\/mindsetreprogramado.com\/es\/psicologia-positiva\/ansiedad-el-pueblo-del-siglo\/\" \/>\n<meta property=\"og:locale\" content=\"es_MX\" \/>\n<meta property=\"og:type\" content=\"article\" \/>\n<meta property=\"og:title\" content=\"Ansiedade: a vil\u00e3 do S\u00e9culo\" \/>\n<meta property=\"og:description\" content=\"A ansiedade, considerada a &quot;vil\u00e3 do s\u00e9culo,&quot; \u00e9 uma preocupa\u00e7\u00e3o persistente e avassaladora que afeta milh\u00f5es de pessoas em todo o mundo.\" \/>\n<meta property=\"og:url\" content=\"https:\/\/mindsetreprogramado.com\/es\/psicologia-positiva\/ansiedad-el-pueblo-del-siglo\/\" \/>\n<meta property=\"og:site_name\" content=\"mindsetreprogramado.com\" \/>\n<meta property=\"article:publisher\" content=\"https:\/\/www.facebook.com\/mindsetreprogramado\" \/>\n<meta property=\"article:published_time\" content=\"2026-03-31T12:00:47+00:00\" \/>\n<meta property=\"article:modified_time\" content=\"2026-04-03T20:15:15+00:00\" \/>\n<meta property=\"og:image\" content=\"https:\/\/mindsetreprogramado.com\/wp-content\/uploads\/2023\/10\/Ansiedade-a-vila-do-Seculo.jpg\" \/>\n\t<meta property=\"og:image:width\" content=\"748\" \/>\n\t<meta property=\"og:image:height\" content=\"445\" \/>\n\t<meta property=\"og:image:type\" content=\"image\/jpeg\" \/>\n<meta name=\"author\" content=\"Marcel Castilho\" \/>\n<meta name=\"twitter:card\" content=\"summary_large_image\" \/>\n<meta name=\"twitter:creator\" content=\"@marcelcast\" \/>\n<meta name=\"twitter:label1\" content=\"Escrito por\" \/>\n\t<meta name=\"twitter:data1\" content=\"Marcel Castilho\" \/>\n\t<meta name=\"twitter:label2\" content=\"Tiempo de lectura\" \/>\n\t<meta name=\"twitter:data2\" content=\"9 minutos\" \/>\n<script type=\"application\/ld+json\" class=\"yoast-schema-graph\">{\"@context\":\"https:\\\/\\\/schema.org\",\"@graph\":[{\"@type\":\"Article\",\"@id\":\"https:\\\/\\\/mindsetreprogramado.com\\\/psicologia-positiva\\\/ansiedade-a-vila-do-seculo\\\/#article\",\"isPartOf\":{\"@id\":\"https:\\\/\\\/mindsetreprogramado.com\\\/psicologia-positiva\\\/ansiedade-a-vila-do-seculo\\\/\"},\"author\":{\"name\":\"Marcel Castilho\",\"@id\":\"https:\\\/\\\/mindsetreprogramado.com\\\/#\\\/schema\\\/person\\\/7b1afc3420400d2389c9b0e3616a139a\"},\"headline\":\"Ansiedade: a vil\u00e3 do S\u00e9culo\",\"datePublished\":\"2026-03-31T12:00:47+00:00\",\"dateModified\":\"2026-04-03T20:15:15+00:00\",\"mainEntityOfPage\":{\"@id\":\"https:\\\/\\\/mindsetreprogramado.com\\\/psicologia-positiva\\\/ansiedade-a-vila-do-seculo\\\/\"},\"wordCount\":1769,\"publisher\":{\"@id\":\"https:\\\/\\\/mindsetreprogramado.com\\\/#organization\"},\"image\":{\"@id\":\"https:\\\/\\\/mindsetreprogramado.com\\\/psicologia-positiva\\\/ansiedade-a-vila-do-seculo\\\/#primaryimage\"},\"thumbnailUrl\":\"https:\\\/\\\/mindsetreprogramado.com\\\/wp-content\\\/uploads\\\/2023\\\/10\\\/Ansiedade-a-vila-do-Seculo.jpg\",\"keywords\":[\"ansiedade\",\"autoconhecimento\",\"sucesso\"],\"articleSection\":[\"Psicologia Positiva\"],\"inLanguage\":\"es\",\"copyrightYear\":\"2026\",\"copyrightHolder\":{\"@id\":\"https:\\\/\\\/mindsetreprogramado.com\\\/es\\\/#organization\"}},{\"@type\":\"WebPage\",\"@id\":\"https:\\\/\\\/mindsetreprogramado.com\\\/psicologia-positiva\\\/ansiedade-a-vila-do-seculo\\\/\",\"url\":\"https:\\\/\\\/mindsetreprogramado.com\\\/psicologia-positiva\\\/ansiedade-a-vila-do-seculo\\\/\",\"name\":\"Ansiedade: a vil\u00e3 do S\u00e9culo - mindsetreprogramado.com\",\"isPartOf\":{\"@id\":\"https:\\\/\\\/mindsetreprogramado.com\\\/#website\"},\"primaryImageOfPage\":{\"@id\":\"https:\\\/\\\/mindsetreprogramado.com\\\/psicologia-positiva\\\/ansiedade-a-vila-do-seculo\\\/#primaryimage\"},\"image\":{\"@id\":\"https:\\\/\\\/mindsetreprogramado.com\\\/psicologia-positiva\\\/ansiedade-a-vila-do-seculo\\\/#primaryimage\"},\"thumbnailUrl\":\"https:\\\/\\\/mindsetreprogramado.com\\\/wp-content\\\/uploads\\\/2023\\\/10\\\/Ansiedade-a-vila-do-Seculo.jpg\",\"datePublished\":\"2026-03-31T12:00:47+00:00\",\"dateModified\":\"2026-04-03T20:15:15+00:00\",\"description\":\"A ansiedade, considerada a \\\"vil\u00e3 do s\u00e9culo,\\\" \u00e9 uma preocupa\u00e7\u00e3o persistente e avassaladora que afeta milh\u00f5es de pessoas em todo o mundo.\",\"breadcrumb\":{\"@id\":\"https:\\\/\\\/mindsetreprogramado.com\\\/psicologia-positiva\\\/ansiedade-a-vila-do-seculo\\\/#breadcrumb\"},\"inLanguage\":\"es\",\"potentialAction\":[{\"@type\":\"ReadAction\",\"target\":[\"https:\\\/\\\/mindsetreprogramado.com\\\/psicologia-positiva\\\/ansiedade-a-vila-do-seculo\\\/\"]}]},{\"@type\":\"ImageObject\",\"inLanguage\":\"es\",\"@id\":\"https:\\\/\\\/mindsetreprogramado.com\\\/psicologia-positiva\\\/ansiedade-a-vila-do-seculo\\\/#primaryimage\",\"url\":\"https:\\\/\\\/mindsetreprogramado.com\\\/wp-content\\\/uploads\\\/2023\\\/10\\\/Ansiedade-a-vila-do-Seculo.jpg\",\"contentUrl\":\"https:\\\/\\\/mindsetreprogramado.com\\\/wp-content\\\/uploads\\\/2023\\\/10\\\/Ansiedade-a-vila-do-Seculo.jpg\",\"width\":748,\"height\":445,\"caption\":\"Ansiedade - a vil\u00e3 do S\u00e9culo\"},{\"@type\":\"BreadcrumbList\",\"@id\":\"https:\\\/\\\/mindsetreprogramado.com\\\/psicologia-positiva\\\/ansiedade-a-vila-do-seculo\\\/#breadcrumb\",\"itemListElement\":[{\"@type\":\"ListItem\",\"position\":1,\"name\":\"In\u00edcio\",\"item\":\"https:\\\/\\\/mindsetreprogramado.com\\\/\"},{\"@type\":\"ListItem\",\"position\":2,\"name\":\"Ansiedade: a vil\u00e3 do S\u00e9culo\"}]},{\"@type\":\"WebSite\",\"@id\":\"https:\\\/\\\/mindsetreprogramado.com\\\/#website\",\"url\":\"https:\\\/\\\/mindsetreprogramado.com\\\/\",\"name\":\"Mindset Reprogramado\",\"description\":\"\",\"publisher\":{\"@id\":\"https:\\\/\\\/mindsetreprogramado.com\\\/#organization\"},\"potentialAction\":[{\"@type\":\"SearchAction\",\"target\":{\"@type\":\"EntryPoint\",\"urlTemplate\":\"https:\\\/\\\/mindsetreprogramado.com\\\/?s={search_term_string}\"},\"query-input\":{\"@type\":\"PropertyValueSpecification\",\"valueRequired\":true,\"valueName\":\"search_term_string\"}}],\"inLanguage\":\"es\"},{\"@type\":\"Organization\",\"@id\":\"https:\\\/\\\/mindsetreprogramado.com\\\/#organization\",\"name\":\"Mindset Reprogramado\",\"url\":\"https:\\\/\\\/mindsetreprogramado.com\\\/\",\"logo\":{\"@type\":\"ImageObject\",\"inLanguage\":\"es\",\"@id\":\"https:\\\/\\\/mindsetreprogramado.com\\\/#\\\/schema\\\/logo\\\/image\\\/\",\"url\":\"https:\\\/\\\/mindsetreprogramado.com\\\/wp-content\\\/uploads\\\/2023\\\/06\\\/logo-mindset-reprogramado-350x76pix.png\",\"contentUrl\":\"https:\\\/\\\/mindsetreprogramado.com\\\/wp-content\\\/uploads\\\/2023\\\/06\\\/logo-mindset-reprogramado-350x76pix.png\",\"width\":350,\"height\":76,\"caption\":\"Mindset Reprogramado\"},\"image\":{\"@id\":\"https:\\\/\\\/mindsetreprogramado.com\\\/#\\\/schema\\\/logo\\\/image\\\/\"},\"sameAs\":[\"https:\\\/\\\/www.facebook.com\\\/mindsetreprogramado\",\"https:\\\/\\\/www.instagram.com\\\/mindsetreprogramado\\\/\"]},{\"@type\":\"Person\",\"@id\":\"https:\\\/\\\/mindsetreprogramado.com\\\/#\\\/schema\\\/person\\\/7b1afc3420400d2389c9b0e3616a139a\",\"name\":\"Marcel Castilho\",\"image\":{\"@type\":\"ImageObject\",\"inLanguage\":\"es\",\"@id\":\"https:\\\/\\\/secure.gravatar.com\\\/avatar\\\/286b63d38bb44a4077b03ff077054e09cd64d1279c058f8feaa02374892dbe61?s=96&d=mm&r=g\",\"url\":\"https:\\\/\\\/secure.gravatar.com\\\/avatar\\\/286b63d38bb44a4077b03ff077054e09cd64d1279c058f8feaa02374892dbe61?s=96&d=mm&r=g\",\"contentUrl\":\"https:\\\/\\\/secure.gravatar.com\\\/avatar\\\/286b63d38bb44a4077b03ff077054e09cd64d1279c058f8feaa02374892dbe61?s=96&d=mm&r=g\",\"caption\":\"Marcel Castilho\"},\"description\":\"Marcel Castilho \u00e9 especialista em neuromarketing, neuroci\u00eancia, mindfulness e psicologia positiva. Al\u00e9m de publicit\u00e1rio, tamb\u00e9m \u00e9 Master em PNL - Programa\u00e7\u00e3o Neurolingu\u00edstica. Como propriet\u00e1rio e fundador da ag\u00eancia de comunica\u00e7\u00e3o VeroCom e tamb\u00e9m da ag\u00eancia digital Vero Contents, estuda h\u00e1 mais de 30 anos o comportamento humano.\",\"sameAs\":[\"http:\\\/\\\/mindsetreprogramado.com\",\"https:\\\/\\\/www.instagram.com\\\/mindsetreprogramado\",\"https:\\\/\\\/br.linkedin.com\\\/in\\\/marcel-castilho-e-souza\",\"https:\\\/\\\/x.com\\\/marcelcast\"],\"knowsAbout\":[\"Marketing Digital\",\"Inbound Marketing\",\"SEO\",\"SEM\",\"Psicologia Positiva\",\"Mindfulness\",\"Neuromarketing\",\"Neuroci\u00eancia\"],\"url\":\"https:\\\/\\\/mindsetreprogramado.com\\\/es\\\/author\\\/mindsetreprogramadogmail-com\\\/\"}]}<\/script>\n<!-- \/ Yoast SEO Premium plugin. -->","yoast_head_json":{"title":"Ansiedad: la villana del siglo - mindsetreprogramado.com","description":"La ansiedad, considerada el &quot;villano del siglo&quot;, es una preocupaci\u00f3n persistente y abrumadora que afecta a millones de personas en todo el mundo.","robots":{"index":"index","follow":"follow","max-snippet":"max-snippet:-1","max-image-preview":"max-image-preview:large","max-video-preview":"max-video-preview:-1"},"canonical":"https:\/\/mindsetreprogramado.com\/es\/psicologia-positiva\/ansiedad-el-pueblo-del-siglo\/","og_locale":"es_MX","og_type":"article","og_title":"Ansiedade: a vil\u00e3 do S\u00e9culo","og_description":"A ansiedade, considerada a \"vil\u00e3 do s\u00e9culo,\" \u00e9 uma preocupa\u00e7\u00e3o persistente e avassaladora que afeta milh\u00f5es de pessoas em todo o mundo.","og_url":"https:\/\/mindsetreprogramado.com\/es\/psicologia-positiva\/ansiedad-el-pueblo-del-siglo\/","og_site_name":"mindsetreprogramado.com","article_publisher":"https:\/\/www.facebook.com\/mindsetreprogramado","article_published_time":"2026-03-31T12:00:47+00:00","article_modified_time":"2026-04-03T20:15:15+00:00","og_image":[{"width":748,"height":445,"url":"https:\/\/mindsetreprogramado.com\/wp-content\/uploads\/2023\/10\/Ansiedade-a-vila-do-Seculo.jpg","type":"image\/jpeg"}],"author":"Marcel Castilho","twitter_card":"summary_large_image","twitter_creator":"@marcelcast","twitter_misc":{"Escrito por":"Marcel Castilho","Tiempo de lectura":"9 minutos"},"schema":{"@context":"https:\/\/schema.org","@graph":[{"@type":"Article","@id":"https:\/\/mindsetreprogramado.com\/psicologia-positiva\/ansiedade-a-vila-do-seculo\/#article","isPartOf":{"@id":"https:\/\/mindsetreprogramado.com\/psicologia-positiva\/ansiedade-a-vila-do-seculo\/"},"author":{"name":"Marcel Castilho","@id":"https:\/\/mindsetreprogramado.com\/#\/schema\/person\/7b1afc3420400d2389c9b0e3616a139a"},"headline":"Ansiedade: a vil\u00e3 do S\u00e9culo","datePublished":"2026-03-31T12:00:47+00:00","dateModified":"2026-04-03T20:15:15+00:00","mainEntityOfPage":{"@id":"https:\/\/mindsetreprogramado.com\/psicologia-positiva\/ansiedade-a-vila-do-seculo\/"},"wordCount":1769,"publisher":{"@id":"https:\/\/mindsetreprogramado.com\/#organization"},"image":{"@id":"https:\/\/mindsetreprogramado.com\/psicologia-positiva\/ansiedade-a-vila-do-seculo\/#primaryimage"},"thumbnailUrl":"https:\/\/mindsetreprogramado.com\/wp-content\/uploads\/2023\/10\/Ansiedade-a-vila-do-Seculo.jpg","keywords":["ansiedade","autoconhecimento","sucesso"],"articleSection":["Psicologia Positiva"],"inLanguage":"es","copyrightYear":"2026","copyrightHolder":{"@id":"https:\/\/mindsetreprogramado.com\/es\/#organization"}},{"@type":"WebPage","@id":"https:\/\/mindsetreprogramado.com\/psicologia-positiva\/ansiedade-a-vila-do-seculo\/","url":"https:\/\/mindsetreprogramado.com\/psicologia-positiva\/ansiedade-a-vila-do-seculo\/","name":"Ansiedad: la villana del siglo - mindsetreprogramado.com","isPartOf":{"@id":"https:\/\/mindsetreprogramado.com\/#website"},"primaryImageOfPage":{"@id":"https:\/\/mindsetreprogramado.com\/psicologia-positiva\/ansiedade-a-vila-do-seculo\/#primaryimage"},"image":{"@id":"https:\/\/mindsetreprogramado.com\/psicologia-positiva\/ansiedade-a-vila-do-seculo\/#primaryimage"},"thumbnailUrl":"https:\/\/mindsetreprogramado.com\/wp-content\/uploads\/2023\/10\/Ansiedade-a-vila-do-Seculo.jpg","datePublished":"2026-03-31T12:00:47+00:00","dateModified":"2026-04-03T20:15:15+00:00","description":"La ansiedad, considerada el &quot;villano del siglo&quot;, es una preocupaci\u00f3n persistente y abrumadora que afecta a millones de personas en todo el mundo.","breadcrumb":{"@id":"https:\/\/mindsetreprogramado.com\/psicologia-positiva\/ansiedade-a-vila-do-seculo\/#breadcrumb"},"inLanguage":"es","potentialAction":[{"@type":"ReadAction","target":["https:\/\/mindsetreprogramado.com\/psicologia-positiva\/ansiedade-a-vila-do-seculo\/"]}]},{"@type":"ImageObject","inLanguage":"es","@id":"https:\/\/mindsetreprogramado.com\/psicologia-positiva\/ansiedade-a-vila-do-seculo\/#primaryimage","url":"https:\/\/mindsetreprogramado.com\/wp-content\/uploads\/2023\/10\/Ansiedade-a-vila-do-Seculo.jpg","contentUrl":"https:\/\/mindsetreprogramado.com\/wp-content\/uploads\/2023\/10\/Ansiedade-a-vila-do-Seculo.jpg","width":748,"height":445,"caption":"Ansiedade - a vil\u00e3 do S\u00e9culo"},{"@type":"BreadcrumbList","@id":"https:\/\/mindsetreprogramado.com\/psicologia-positiva\/ansiedade-a-vila-do-seculo\/#breadcrumb","itemListElement":[{"@type":"ListItem","position":1,"name":"In\u00edcio","item":"https:\/\/mindsetreprogramado.com\/"},{"@type":"ListItem","position":2,"name":"Ansiedade: a vil\u00e3 do S\u00e9culo"}]},{"@type":"WebSite","@id":"https:\/\/mindsetreprogramado.com\/#website","url":"https:\/\/mindsetreprogramado.com\/","name":"Mentalidad reprogramada","description":"","publisher":{"@id":"https:\/\/mindsetreprogramado.com\/#organization"},"potentialAction":[{"@type":"SearchAction","target":{"@type":"EntryPoint","urlTemplate":"https:\/\/mindsetreprogramado.com\/?s={search_term_string}"},"query-input":{"@type":"PropertyValueSpecification","valueRequired":true,"valueName":"search_term_string"}}],"inLanguage":"es"},{"@type":"Organization","@id":"https:\/\/mindsetreprogramado.com\/#organization","name":"Mentalidad reprogramada","url":"https:\/\/mindsetreprogramado.com\/","logo":{"@type":"ImageObject","inLanguage":"es","@id":"https:\/\/mindsetreprogramado.com\/#\/schema\/logo\/image\/","url":"https:\/\/mindsetreprogramado.com\/wp-content\/uploads\/2023\/06\/logo-mindset-reprogramado-350x76pix.png","contentUrl":"https:\/\/mindsetreprogramado.com\/wp-content\/uploads\/2023\/06\/logo-mindset-reprogramado-350x76pix.png","width":350,"height":76,"caption":"Mindset Reprogramado"},"image":{"@id":"https:\/\/mindsetreprogramado.com\/#\/schema\/logo\/image\/"},"sameAs":["https:\/\/www.facebook.com\/mindsetreprogramado","https:\/\/www.instagram.com\/mindsetreprogramado\/"]},{"@type":"Person","@id":"https:\/\/mindsetreprogramado.com\/#\/schema\/person\/7b1afc3420400d2389c9b0e3616a139a","name":"Marcelo Castilho","image":{"@type":"ImageObject","inLanguage":"es","@id":"https:\/\/secure.gravatar.com\/avatar\/286b63d38bb44a4077b03ff077054e09cd64d1279c058f8feaa02374892dbe61?s=96&d=mm&r=g","url":"https:\/\/secure.gravatar.com\/avatar\/286b63d38bb44a4077b03ff077054e09cd64d1279c058f8feaa02374892dbe61?s=96&d=mm&r=g","contentUrl":"https:\/\/secure.gravatar.com\/avatar\/286b63d38bb44a4077b03ff077054e09cd64d1279c058f8feaa02374892dbe61?s=96&d=mm&r=g","caption":"Marcel Castilho"},"description":"Marcel Castilho es especialista en neuromarketing, neurociencia, mindfulness y psicolog\u00eda positiva. Adem\u00e1s de publicista, tambi\u00e9n es M\u00e1ster en PNL - Programaci\u00f3n Neuroling\u00fc\u00edstica. Como propietario y fundador de la agencia de comunicaci\u00f3n VeroCom y tambi\u00e9n de la agencia digital Vero Contents, estudia el comportamiento humano desde hace m\u00e1s de 30 a\u00f1os.","sameAs":["http:\/\/mindsetreprogramado.com","https:\/\/www.instagram.com\/mindsetreprogramado","https:\/\/br.linkedin.com\/in\/marcel-castilho-e-souza","https:\/\/x.com\/marcelcast"],"knowsAbout":["Marketing Digital","Inbound Marketing","SEO","SEM","Psicologia Positiva","Mindfulness","Neuromarketing","Neuroci\u00eancia"],"url":"https:\/\/mindsetreprogramado.com\/es\/author\/mindsetreprogramadogmail-com\/"}]}},"_links":{"self":[{"href":"https:\/\/mindsetreprogramado.com\/es\/wp-json\/wp\/v2\/posts\/395","targetHints":{"allow":["GET"]}}],"collection":[{"href":"https:\/\/mindsetreprogramado.com\/es\/wp-json\/wp\/v2\/posts"}],"about":[{"href":"https:\/\/mindsetreprogramado.com\/es\/wp-json\/wp\/v2\/types\/post"}],"author":[{"embeddable":true,"href":"https:\/\/mindsetreprogramado.com\/es\/wp-json\/wp\/v2\/users\/1"}],"replies":[{"embeddable":true,"href":"https:\/\/mindsetreprogramado.com\/es\/wp-json\/wp\/v2\/comments?post=395"}],"version-history":[{"count":5,"href":"https:\/\/mindsetreprogramado.com\/es\/wp-json\/wp\/v2\/posts\/395\/revisions"}],"predecessor-version":[{"id":2504,"href":"https:\/\/mindsetreprogramado.com\/es\/wp-json\/wp\/v2\/posts\/395\/revisions\/2504"}],"wp:featuredmedia":[{"embeddable":true,"href":"https:\/\/mindsetreprogramado.com\/es\/wp-json\/wp\/v2\/media\/397"}],"wp:attachment":[{"href":"https:\/\/mindsetreprogramado.com\/es\/wp-json\/wp\/v2\/media?parent=395"}],"wp:term":[{"taxonomy":"category","embeddable":true,"href":"https:\/\/mindsetreprogramado.com\/es\/wp-json\/wp\/v2\/categories?post=395"},{"taxonomy":"post_tag","embeddable":true,"href":"https:\/\/mindsetreprogramado.com\/es\/wp-json\/wp\/v2\/tags?post=395"}],"curies":[{"name":"Gracias","href":"https:\/\/api.w.org\/{rel}","templated":true}]}}